{"id":6899,"date":"2026-08-20T13:40:40","date_gmt":"2026-08-20T11:40:40","guid":{"rendered":"https:\/\/hiking-guide.sk\/?p=6899"},"modified":"2026-08-20T13:43:21","modified_gmt":"2026-08-20T11:43:21","slug":"pribeh-jednej-fotky","status":"publish","type":"post","link":"https:\/\/hiking-guide.sk\/?p=6899","title":{"rendered":"Pr\u00edbeh jednej fotky"},"content":{"rendered":"\n<p class=\"wp-block-paragraph\">Nikdy ma nenapadlo, \u017ee pr\u00edde moment, kedy si poviem, \u017ee &#8222;copyright&#8220; v p\u00e4ti\u010dke tejto str\u00e1nky nesta\u010d\u00ed. Ani \u017ee pr\u00edde moment, kedy nebudem ma\u0165 energiu na to, \u010do ma najviac bav\u00ed \u2013 sprostredkov\u00e1va\u0165 v\u00e1m, mojim \u010ditate\u013eom, z\u00e1\u017eitky z na\u0161ich v\u00fdletov a \u00a0dovoleniek prostredn\u00edctvom \u010dl\u00e1nkov a fotiek v nich. Bojujem s tak obrovsk\u00fdm ment\u00e1lnym blokom, \u017ee neviem, ako z neho von. K tomu, aby som z augustovej dovolenky v NP Hohe Tauern v Rak\u00fasku kone\u010dne stiahla fotky z fotoapar\u00e1tu do po\u010d\u00edta\u010da a aspo\u0148 ich pretriedila, som sa musela doslova prin\u00fati\u0165 a spravila som tak po jeden a pol t\u00fd\u017edni. Sk\u00fasenos\u0165, ktor\u00e1 k tomuto cel\u00e9mu viedla, je st\u00e1le ve\u013emi \u010derstv\u00e1 a najm\u00e4 neuzavret\u00e1, preto sa o nej nebudem rozpisova\u0165 a prejdem rovno k pointe. \u00a0\u00a0<\/p>\n\n\n\n<p class=\"wp-block-paragraph\"><strong>Autorsk\u00fd z\u00e1kon<\/strong><\/p>\n\n\n\n<p class=\"wp-block-paragraph\">Aj ke\u010f si niekto mo\u017eno povie, \u017ee je to len blog, \u017ee s\u00fa to len amat\u00e9rske fotky a \u017ee s\u00fa to len v\u00fdlety do pr\u00edrody, pre m\u0148a s\u00fa to hodiny a hodiny zis\u0165ovania v\u0161emo\u017en\u00fdch inform\u00e1ci\u00ed, ktor\u00e9 n\u00e1sledne sprostredkov\u00e1vam v \u010dl\u00e1nku opisuj\u00facom konkr\u00e9tny v\u00fdlet. S\u00fa to hodiny str\u00e1ven\u00e9 selekciou toho, \u010do ostane len v rodinnom albume a rodinnej fotoknihe a \u010do d\u00e1m(e) na str\u00e1nku. A tie\u017e s\u00fa to hodiny str\u00e1ven\u00e9 s programom na \u00fapravu fotiek, aby som s v\u00fdsledkom bola spokojn\u00e1.<\/p>\n\n\n\n<p class=\"wp-block-paragraph\">Rob\u00edm to vo svojom vo\u013enom \u010dase. Rob\u00edm to preto, lebo ma to bav\u00ed a preto, lebo \u010do do inform\u00e1ci\u00ed sama viem, ak\u00e9 je niekedy \u0165a\u017ek\u00e9 doh\u013eada\u0165 \u00fadaje k parkovaniu, otv\u00e1rac\u00edm hodin\u00e1m, obmedzeniam atp. Ne\u017eiv\u00edm sa t\u00fdm, nem\u00e1m cestovn\u00fa kancel\u00e1riu ani nie som profesion\u00e1lny fotograf \u010di spisovate\u013e. To ale neznamen\u00e1, \u017ee \u010doko\u013evek \u010do tu zverejn\u00edm si hocikto m\u00f4\u017ee len tak zobra\u0165 a pou\u017ei\u0165 na vlastn\u00e9 \u00fa\u010dely.<\/p>\n\n\n\n<p class=\"wp-block-paragraph\">P\u00e1\u010dia sa v\u00e1m moje fotky? Super! Naozaj sa te\u0161\u00edm. Prezrite si ich, pokochajte sa nimi. Ale zdr\u017ete sa ak\u00e9ho\u013ekovek jednania, ktor\u00e9 by viedlo k poru\u0161eniu ustanoven\u00ed autorsk\u00e9ho z\u00e1kona. Nejdem ich tu nudne vymenov\u00e1va\u0165 \u2013 z\u00e1kon je verejne dostupn\u00fd a m\u00f4\u017ee si ho pre\u010d\u00edta\u0165 ka\u017ed\u00fd.<\/p>\n\n\n\n<p class=\"wp-block-paragraph\"><strong>Ob\u010diansky z\u00e1konn\u00edk<\/strong><\/p>\n\n\n\n<p class=\"wp-block-paragraph\">P\u00fdtate sa pre\u010do? \u010co m\u00e1 ob\u010diansky z\u00e1konn\u00edk spolo\u010dn\u00e9 s fotografiami \u010di \u010dl\u00e1nkami? Ani ja som to tak \u00faplne nevedela \u2013 doned\u00e1vna. Dnes u\u017e viem, \u017ee \u00a711 a nasleduj\u00face chr\u00e1nia aj \u013eud\u00ed vyobrazen\u00fdch na fotografi\u00e1ch k mojim \u010dl\u00e1nkom.<\/p>\n\n\n\n<p class=\"wp-block-paragraph\">Ak by ste si napriek v\u0161etk\u00e9mu stiahli z tejto str\u00e1nky fotografiu bez m\u00f4jho s\u00fahlasu, a na fotografii by bola vyobrazen\u00e1 ak\u00e1ko\u013evek osoba (a je jedno, \u010di jej vidie\u0165 do tv\u00e1re alebo nie), dopustili by ste sa t\u00fdm neopr\u00e1vnen\u00e9ho z\u00e1sahu do osobnostn\u00fdch pr\u00e1v dan\u00e9ho \u010dloveka. Pros\u00edm, nerobte to. A zvl\u00e1\u0161\u0165 to nerobte v pr\u00edpade det\u00ed. Tie si zasl\u00fa\u017eia zv\u00fd\u0161en\u00fa ochranu a citliv\u00fd pr\u00edstup, najm\u00e4 v dne\u0161nom online svete.<\/p>\n\n\n\n<p class=\"wp-block-paragraph\"><strong>\u010eakujem, \u017ee re\u0161pektujete moje pr\u00e1va a&nbsp;pr\u00e1va os\u00f4b, ktor\u00e9 sa na mojich fotografi\u00e1ch v&nbsp;\u010dl\u00e1nkoch nach\u00e1dzaj\u00fa. \ud83d\ude42<\/strong><\/p>\n","protected":false},"excerpt":{"rendered":"<p>Nikdy ma nenapadlo, \u017ee pr\u00edde moment, kedy si poviem, \u017ee &#8222;copyright&#8220; v p\u00e4ti\u010dke tejto str\u00e1nky nesta\u010d\u00ed. Ani \u017ee pr\u00edde moment, kedy nebudem ma\u0165 energiu na to, \u010do ma najviac bav\u00ed \u2013 sprostredkov\u00e1va\u0165 v\u00e1m, mojim \u010ditate\u013eom, z\u00e1\u017eitky z na\u0161ich v\u00fdletov a \u00a0dovoleniek prostredn\u00edctvom \u010dl\u00e1nkov a fotiek v nich. Bojujem s tak obrovsk\u00fdm ment\u00e1lnym blokom, \u017ee neviem, [&hellip;]<\/p>\n","protected":false},"author":3,"featured_media":6914,"comment_status":"closed","ping_status":"open","sticky":false,"template":"","format":"standard","meta":{"footnotes":""},"categories":[62],"tags":[],"class_list":["post-6899","post","type-post","status-publish","format-standard","has-post-thumbnail","hentry","category-vseobecne","eq-blocks"],"_links":{"self":[{"href":"https:\/\/hiking-guide.sk\/index.php?rest_route=\/wp\/v2\/posts\/6899","targetHints":{"allow":["GET"]}}],"collection":[{"href":"https:\/\/hiking-guide.sk\/index.php?rest_route=\/wp\/v2\/posts"}],"about":[{"href":"https:\/\/hiking-guide.sk\/index.php?rest_route=\/wp\/v2\/types\/post"}],"author":[{"embeddable":true,"href":"https:\/\/hiking-guide.sk\/index.php?rest_route=\/wp\/v2\/users\/3"}],"replies":[{"embeddable":true,"href":"https:\/\/hiking-guide.sk\/index.php?rest_route=%2Fwp%2Fv2%2Fcomments&post=6899"}],"version-history":[{"count":4,"href":"https:\/\/hiking-guide.sk\/index.php?rest_route=\/wp\/v2\/posts\/6899\/revisions"}],"predecessor-version":[{"id":6915,"href":"https:\/\/hiking-guide.sk\/index.php?rest_route=\/wp\/v2\/posts\/6899\/revisions\/6915"}],"wp:featuredmedia":[{"embeddable":true,"href":"https:\/\/hiking-guide.sk\/index.php?rest_route=\/wp\/v2\/media\/6914"}],"wp:attachment":[{"href":"https:\/\/hiking-guide.sk\/index.php?rest_route=%2Fwp%2Fv2%2Fmedia&parent=6899"}],"wp:term":[{"taxonomy":"category","embeddable":true,"href":"https:\/\/hiking-guide.sk\/index.php?rest_route=%2Fwp%2Fv2%2Fcategories&post=6899"},{"taxonomy":"post_tag","embeddable":true,"href":"https:\/\/hiking-guide.sk\/index.php?rest_route=%2Fwp%2Fv2%2Ftags&post=6899"}],"curies":[{"name":"wp","href":"https:\/\/api.w.org\/{rel}","templated":true}]}}